{"id":1960,"date":"2025-01-27T13:51:12","date_gmt":"2025-01-27T13:51:12","guid":{"rendered":"https:\/\/ekowatt.cz\/?p=1960"},"modified":"2025-02-03T11:48:20","modified_gmt":"2025-02-03T11:48:20","slug":"vite-jakou-platnost-ma-energeticky-audit-vaseho-podniku-kdy-jste-povinni-nechat-si-vypracovat-novy-audit-2","status":"publish","type":"post","link":"https:\/\/ekowatt.cz\/index.php\/2025\/01\/27\/vite-jakou-platnost-ma-energeticky-audit-vaseho-podniku-kdy-jste-povinni-nechat-si-vypracovat-novy-audit-2\/","title":{"rendered":"Veletrh ST\u0158ECHY-SOLAR-\u0158EMESLO: Nenechte si uj\u00edt nejv\u011bt\u0161\u00ed p\u0159ehl\u00eddku novinek v&nbsp;oboru"},"content":{"rendered":"\n<figure class=\"wp-block-image size-large\"><img fetchpriority=\"high\" decoding=\"async\" width=\"1024\" height=\"683\" src=\"https:\/\/ekowatt.cz\/wp-content\/uploads\/2024\/07\/lide-poradenstvi-solar-zaverecnaB70A6459-1024x683.jpg\" alt class=\"wp-image-2346\" srcset=\"https:\/\/ekowatt.cz\/wp-content\/uploads\/2024\/07\/lide-poradenstvi-solar-zaverecnaB70A6459-1024x683.jpg 1024w, https:\/\/ekowatt.cz\/wp-content\/uploads\/2024\/07\/lide-poradenstvi-solar-zaverecnaB70A6459-300x200.jpg 300w, https:\/\/ekowatt.cz\/wp-content\/uploads\/2024\/07\/lide-poradenstvi-solar-zaverecnaB70A6459-768x512.jpg 768w, https:\/\/ekowatt.cz\/wp-content\/uploads\/2024\/07\/lide-poradenstvi-solar-zaverecnaB70A6459-1536x1024.jpg 1536w, https:\/\/ekowatt.cz\/wp-content\/uploads\/2024\/07\/lide-poradenstvi-solar-zaverecnaB70A6459.jpg 1920w\" sizes=\"(max-width: 1024px) 100vw, 1024px\"><\/figure>\n\n\n\n<h2 class=\"wp-block-heading\">Veletrh ST\u0158ECHY-SOLAR-\u0158EMESLO: Nenechte si uj\u00edt nejv\u011bt\u0161\u00ed p\u0159ehl\u00eddku novinek v&nbsp;oboru<\/h2>\n\n\n\n<p style=\"padding-top:var(--wp--preset--spacing--70)\"><strong>26. ro\u010dn\u00edk veletrhu ST\u0158ECHY-SOLAR-\u0158EMESLO, kter\u00fd se kon\u00e1 <strong>6.\u20138. 2. 2025<\/strong>&nbsp;na v\u00fds\u00adtavi\u0161ti v&nbsp;Praze Let\u0148anech, p\u0159ed\u00adstav\u00ed \u0161irok\u00adou \u0161k\u00e1lu novinek a&nbsp;ino\u00advac\u00ed v&nbsp;oblasti st\u0159e\u0161n\u00edch mater\u00adi\u00e1l\u016f, n\u00e1\u0159ad\u00ed a&nbsp;stro\u00adj\u016f, foto\u00advoltaiky a&nbsp;vyu\u017e\u00edv\u00e1n\u00ed dal\u0161\u00edch obnovitel\u00adn\u00fdch zdro\u00adj\u016f energie. Na soub\u011b\u017en\u00fdch akc\u00edch se budou prezen\u00adto\u00advat vys\u00adtavo\u00advatel\u00e9 z&nbsp;oblasti pasivn\u00edho a&nbsp;ener\u00adget\u00adicky \u00fasporn\u00e9ho stav\u011bn\u00ed, d\u0159evostaveb a&nbsp;mod\u00adern\u00edho vyt\u00e1p\u011bn\u00ed. Ned\u00edl\u00adnou sou\u010d\u00e1st\u00ed akce je Fes\u00adti\u00adval d\u0159e\u00adva a&nbsp;n\u00e1\u0159ad\u00ed.<\/strong><\/p>\n\n\n\n<p><strong>Jak efek\u00adtivn\u011b zateplit budovu a&nbsp;sn\u00ed\u017eit n\u00e1k\u00adla\u00addy na vyt\u00e1p\u011bn\u00ed? Jak na \u00fasp\u011b\u0161\u00adnou rekon\u00adstruk\u00adci domu? Jak p\u0159iprav\u00adit st\u0159echu pro nov\u00e9 vyu\u017eit\u00ed s&nbsp;foto\u00advoltaik\u00adou? Jak z\u00edskat dotaci? Jak\u00e9 jsou trendy a&nbsp;nov\u00e9 tech\u00adnolo\u00adgie v&nbsp;oblasti ener\u00adget\u00adick\u00ad\u00fdch&nbsp;\u00faspor?<\/strong><\/p>\n\n\n\n<p>Na veletrhu z\u00edsk\u00e1te odpov\u011b\u00addi na tyto a&nbsp;dal\u0161\u00ed aktu\u00e1l\u00adn\u00ed ot\u00e1zky, kter\u00e9 \u0159e\u0161\u00ed staveb\u00adn\u00ed\u00adci, investo\u0159i i&nbsp;dom\u00e1c\u00adnos\u00adti. Z&nbsp;hlediska zna\u010dek se veletrhu \u00fa\u010dast\u00adn\u00ed nejv\u00fdz\u00adnam\u00adn\u011bj\u0161\u00ed v\u00fdrob\u00adci a&nbsp;doda\u00advatel\u00e9 st\u0159e\u0161n\u00edch a&nbsp;staveb\u00adn\u00edch v\u00fdrobk\u016f a&nbsp;mater\u00adi\u00e1l\u016f. <strong>Zde je v\u00fdb\u011br z&nbsp;<\/strong><a href=\"https:\/\/www.strechy-praha.cz\/clanky\/novinky-z-oboru-na-veletrhu-strechy-solar-remeslo-2025\/\"><strong>pro\u00adduk\u00adtov\u00fdch novinek<\/strong><\/a><strong> a&nbsp;tipy na st\u00e1nky.&nbsp;<\/strong><strong><\/strong><\/p>\n\n\n\n<p><strong>Rozs\u00e1h\u00adl\u00fd doprovod\u00adn\u00fd program<\/strong><strong><\/strong><\/p>\n\n\n\n<p>Nabit\u00fd <a href=\"https:\/\/www.strechy-praha.cz\/clanky\/doprovodny-program-2025\/\">pro\u00adgram p\u0159ed\u00adn\u00e1\u0161ek<\/a>, prak\u00adtick\u00ad\u00fdch uk\u00e1zek a&nbsp;<a href=\"https:\/\/www.strechy-praha.cz\/clanky\/poradenstvi-zdarma-na-veletrhu-strechy-solar-remeslo-2025\/\">bez\u00adplat\u00adn\u00e9ho poraden\u00adstv\u00ed<\/a> je zam\u011b\u0159en\u00fd na o\u017ee\u00adhav\u00e1 t\u00e9ma\u00adta sou\u010das\u00adnos\u00adti, jak\u00fd\u00admi jsou nap\u0159\u00edk\u00adlad <strong>st\u0159echy a&nbsp;jejich nov\u00e9 vyu\u017eit\u00ed<\/strong>, a\u0165 ji\u017e p\u0159i insta\u00adlac\u00edch FVE \u010di p\u0159i z\u00e1m\u011bru uprav\u00adit st\u0159echu na pochoz\u00ed. Dozv\u00edte se o&nbsp;<strong>aktu\u00e1l\u00adn\u00edm v\u00fdvo\u00adji v&nbsp;sek\u00adtoru obnovitel\u00adn\u00fdch zdro\u00adj\u016f energie<\/strong> a&nbsp;vyu\u017eit\u00ed OZE pro <strong>vlast\u00adn\u00ed spot\u0159e\u00adbu<\/strong>. Prezen\u00adtov\u00e1no bude desatero osv\u011bd\u010den\u00fdch pos\u00adtup\u016f pro zlep\u0161en\u00ed real\u00adizace insta\u00adlac\u00ed foto\u00advoltaick\u00ad\u00fdch sys\u00adt\u00e9m\u016f, fototer\u00admiky a&nbsp;tepel\u00adn\u00fdch \u010der\u00adpadel. Zazn\u00ed d\u016fle\u017eit\u00e1 doporu\u010den\u00ed od z\u00e1s\u00adtupc\u016f \u010cesk\u00e9 foto\u00advoltaick\u00e9 aso\u00adci\u00adace, jak ov\u011b\u0159it a&nbsp;zvolit spr\u00e1v\u00adnou insta\u00adla\u010dn\u00ed fir\u00admu, co v\u0161e je pot\u0159e\u00adba zkon\u00adtrolo\u00advat p\u0159ed nebo v&nbsp;pr\u016fb\u011bhu uza\u00adv\u00edr\u00e1n\u00ed smlou\u00advy o&nbsp;d\u00edlo na v\u00fds\u00adtavbu foto\u00advoltaiky Dozv\u00edte se tak\u00e9 o&nbsp;mo\u017enos\u00adtech zv\u00fd\u0161en\u00ed n\u00e1vrat\u00adnos\u00adti u&nbsp;foto\u00advoltaik zapo\u00adjen\u00fdch ke sd\u00edlen\u00ed elekt\u0159iny.<\/p>\n\n\n\n<p><a href=\"https:\/\/www.strechy-praha.cz\/clanky\/doprovodny-program-2025\/\"><strong>V\u00fdb\u011br z&nbsp;t\u00e9mat a&nbsp;aktivit<\/strong><\/a><strong><\/strong><\/p>\n\n\n\n<ul class=\"wp-block-list\">\n<li>Trendy v&nbsp;oblasti obnovitel\u00adn\u00fdch zdro\u00adj\u016f energie<\/li>\n\n\n\n<li>Vyu\u017eit\u00ed roz\u0161\u00ed\u0159en\u00e9 real\u00adi\u00adty p\u0159i real\u00adizaci pro\u00adjek\u00adt\u016f OZE pro vlast\u00adn\u00ed spot\u0159ebu<\/li>\n\n\n\n<li>Spr\u00e1vn\u00fd n\u00e1vrh v\u00fdkonu tepel\u00adn\u00e9ho \u010derpadla<\/li>\n\n\n\n<li>F\u00f3rum 2025 \u2013 \u00dapravy st\u0159ech pro nov\u00e9 vyu\u017eit\u00ed (foto\u00advoltai\u00adka, terasy a&nbsp;zelen\u00e9 st\u0159echy)<\/li>\n\n\n\n<li>Co m\u016f\u017ee p\u0159in\u00e9st komu\u00adnit\u00adn\u00ed energetika<\/li>\n\n\n\n<li>P\u0159\u00edpra\u00adva \u0161ikm\u00e9\/ploch\u00e9 st\u0159echy pro fotovoltaiku<\/li>\n\n\n\n<li>Rozs\u00e1h\u00adl\u00e1 prezen\u00adtace klem\u00adp\u00ed\u0159sk\u00fdch stro\u00adj\u016f a&nbsp;pot\u0159eb pro klemp\u00ed\u0159e<\/li>\n\n\n\n<li>Uk\u00e1zky pokr\u00fd\u00adva\u010dsk\u00e9ho, klem\u00adp\u00ed\u0159sk\u00e9ho a&nbsp;tesa\u0159sk\u00e9ho \u0159emesla<\/li>\n\n\n\n<li>Fes\u00adti\u00adval d\u0159e\u00adva a&nbsp;n\u00e1\u0159ad\u00ed<\/li>\n<\/ul>\n\n\n\n<p><strong>Infor\u00adma\u010dn\u00ed port\u00e1l Na\u0161e st\u0159echa<\/strong><\/p>\n\n\n\n<p>Poprv\u00e9 bude m\u00edt na veletrhu svou expozi\u00adci infor\u00adma\u010dn\u00ed port\u00e1l <a href=\"https:\/\/www.nasestrecha.cz\/\">Na\u0161e st\u0159echa<\/a>, kter\u00fd zde oslav\u00ed sv\u00e9 1. narozeniny. Port\u00e1l je pro\u00adjek\u00adtem po\u0159a\u00addatele veletrhu. Spu\u0161t\u011bn byl v&nbsp;r\u00e1m\u00adci min\u00adul\u00e9ho ro\u010dn\u00edku veletrhu a&nbsp;dnes m\u00e1 p\u0159es 100&nbsp;000 n\u00e1v\u0161t\u011bvn\u00edk\u016f m\u011bs\u00ed\u010dn\u011b. Nab\u00edz\u00ed \u010der\u00adstv\u00e9 a&nbsp;spolehliv\u00e9 infor\u00adma\u00adce na den\u00adn\u00ed b\u00e1zi pro v\u0161ech\u00adny, kte\u0159\u00ed se zaj\u00ed\u00adma\u00adj\u00ed o&nbsp;st\u0159echy, ener\u00adget\u00adicky \u00fasporn\u00e9 tech\u00adnolo\u00adgie a&nbsp;mod\u00adern\u00ed bydlen\u00ed. Na st\u00e1nku port\u00e1lu v&nbsp;hale 4&nbsp;bude pro n\u00e1v\u0161t\u011bvn\u00edky p\u0159iprave\u00adna sout\u011b\u017e o&nbsp;atrak\u00adtivn\u00ed&nbsp;ceny.<\/p>\n\n\n\n<p><strong>PRAKTICK\u00c9 INFORMACE<\/strong><\/p>\n\n\n\n<p><strong>KDY:<\/strong>&nbsp;<strong>6.\u20138. 2. 2025,&nbsp;<\/strong>\u010dt a&nbsp;p\u00e1 10\u201318 h, so 10\u201317 h<br><strong>KDE:<\/strong><strong>&nbsp;PVA EXPO PRAHA Let\u0148any,&nbsp;<\/strong>Bera\u00adnov\u00fdch 667, Pra\u00adha 9<br><strong>ZLEVN\u011aN\u00c1 VSTUPENKA:&nbsp;<\/strong>k&nbsp;zak\u00adoupen\u00ed na<a href=\"http:\/\/www.strechy-praha.cz\/\" target=\"_blank\" rel=\"noreferrer noopener\"><strong>www.strechy-praha.cz<\/strong><\/a><strong><\/strong><\/p>\n","protected":false},"excerpt":{"rendered":"<p>Veletrh ST\u0158ECHY-SOLAR-\u0158EMESLO: Nenechte si uj\u00edt nejv\u011bt\u0161\u00ed p\u0159ehl\u00edd\u00adku novinek v&nbsp;oboru 26. ro\u010dn\u00edk veletrhu ST\u0158ECHY-SOLAR-\u0158EMESLO, kter\u00fd se kon\u00e1 6.\u20138. 2. 2025&nbsp;na v\u00fds\u00adtavi\u0161ti v&nbsp;Praze Let\u0148anech, p\u0159ed\u00adstav\u00ed \u0161irok\u00adou \u0161k\u00e1lu novinek a&nbsp;ino\u00advac\u00ed v&nbsp;oblasti st\u0159e\u0161n\u00edch mater\u00adi\u00e1l\u016f, n\u00e1\u0159ad\u00ed a&nbsp;stro\u00adj\u016f, foto\u00advoltaiky a&nbsp;vyu\u017e\u00edv\u00e1n\u00ed dal\u0161\u00edch obnovitel\u00adn\u00fdch zdro\u00adj\u016f energie. Na soub\u011b\u017en\u00fdch akc\u00edch se budou prezen\u00adto\u00advat vys\u00adtavo\u00advatel\u00e9 z&nbsp;oblasti pasivn\u00edho a&nbsp;ener\u00adget\u00adicky \u00fasporn\u00e9ho stav\u011bn\u00ed, d\u0159evostaveb a&nbsp;mod\u00adern\u00edho vyt\u00e1p\u011bn\u00ed. Ned\u00edl\u00adnou sou\u010d\u00e1st\u00ed&nbsp;[\u2026]<\/p>\n","protected":false},"author":1,"featured_media":2346,"comment_status":"closed","ping_status":"closed","sticky":false,"template":"","format":"standard","meta":{"wp_typography_post_enhancements_disabled":false,"site-sidebar-layout":"default","site-content-layout":"","ast-site-content-layout":"","site-content-style":"default","site-sidebar-style":"default","ast-global-header-display":"","ast-banner-title-visibility":"","ast-main-header-display":"","ast-hfb-above-header-display":"","ast-hfb-below-header-display":"","ast-hfb-mobile-header-display":"","site-post-title":"disabled","ast-breadcrumbs-content":"","ast-featured-img":"","footer-sml-layout":"","ast-disable-related-posts":"","theme-transparent-header-meta":"","adv-header-id-meta":"","stick-header-meta":"","header-above-stick-meta":"","header-main-stick-meta":"","header-below-stick-meta":"","astra-migrate-meta-layouts":"","ast-page-background-enabled":"default","ast-page-background-meta":{"desktop":{"background-color":"var(--ast-global-color-4)","background-image":"","background-repeat":"repeat","background-position":"center center","background-size":"auto","background-attachment":"scroll","background-type":"","background-media":"","overlay-type":"","overlay-color":"","overlay-opacity":"","overlay-gradient":""},"tablet":{"background-color":"","background-image":"","background-repeat":"repeat","background-position":"center center","background-size":"auto","background-attachment":"scroll","background-type":"","background-media":"","overlay-type":"","overlay-color":"","overlay-opacity":"","overlay-gradient":""},"mobile":{"background-color":"","background-image":"","background-repeat":"repeat","background-position":"center center","background-size":"auto","background-attachment":"scroll","background-type":"","background-media":"","overlay-type":"","overlay-color":"","overlay-opacity":"","overlay-gradient":""}},"ast-content-background-meta":{"desktop":{"background-color":"var(--ast-global-color-5)","background-image":"","background-repeat":"repeat","background-position":"center center","background-size":"auto","background-attachment":"scroll","background-type":"","background-media":"","overlay-type":"","overlay-color":"","overlay-opacity":"","overlay-gradient":""},"tablet":{"background-color":"var(--ast-global-color-5)","background-image":"","background-repeat":"repeat","background-position":"center center","background-size":"auto","background-attachment":"scroll","background-type":"","background-media":"","overlay-type":"","overlay-color":"","overlay-opacity":"","overlay-gradient":""},"mobile":{"background-color":"var(--ast-global-color-5)","background-image":"","background-repeat":"repeat","background-position":"center center","background-size":"auto","background-attachment":"scroll","background-type":"","background-media":"","overlay-type":"","overlay-color":"","overlay-opacity":"","overlay-gradient":""}},"footnotes":""},"categories":[1],"tags":[],"class_list":["post-1960","post","type-post","status-publish","format-standard","has-post-thumbnail","hentry","category-uncategorized"],"_links":{"self":[{"href":"https:\/\/ekowatt.cz\/index.php\/wp-json\/wp\/v2\/posts\/1960","targetHints":{"allow":["GET"]}}],"collection":[{"href":"https:\/\/ekowatt.cz\/index.php\/wp-json\/wp\/v2\/posts"}],"about":[{"href":"https:\/\/ekowatt.cz\/index.php\/wp-json\/wp\/v2\/types\/post"}],"author":[{"embeddable":true,"href":"https:\/\/ekowatt.cz\/index.php\/wp-json\/wp\/v2\/users\/1"}],"replies":[{"embeddable":true,"href":"https:\/\/ekowatt.cz\/index.php\/wp-json\/wp\/v2\/comments?post=1960"}],"version-history":[{"count":5,"href":"https:\/\/ekowatt.cz\/index.php\/wp-json\/wp\/v2\/posts\/1960\/revisions"}],"predecessor-version":[{"id":2455,"href":"https:\/\/ekowatt.cz\/index.php\/wp-json\/wp\/v2\/posts\/1960\/revisions\/2455"}],"wp:featuredmedia":[{"embeddable":true,"href":"https:\/\/ekowatt.cz\/index.php\/wp-json\/wp\/v2\/media\/2346"}],"wp:attachment":[{"href":"https:\/\/ekowatt.cz\/index.php\/wp-json\/wp\/v2\/media?parent=1960"}],"wp:term":[{"taxonomy":"category","embeddable":true,"href":"https:\/\/ekowatt.cz\/index.php\/wp-json\/wp\/v2\/categories?post=1960"},{"taxonomy":"post_tag","embeddable":true,"href":"https:\/\/ekowatt.cz\/index.php\/wp-json\/wp\/v2\/tags?post=1960"}],"curies":[{"name":"wp","href":"https:\/\/api.w.org\/{rel}","templated":true}]}}