{"id":3107,"date":"2026-09-02T11:19:26","date_gmt":"2026-09-02T11:19:26","guid":{"rendered":"https:\/\/ekowatt.cz\/?p=3107"},"modified":"2026-09-02T11:24:20","modified_gmt":"2026-09-02T11:24:20","slug":"na-veletrhu-for-arch-vznikne-interaktivni-staveniste-umoznujici-vyzkouset-si-portfolio-stavebnich-remesel","status":"publish","type":"post","link":"https:\/\/ekowatt.cz\/index.php\/2026\/09\/02\/na-veletrhu-for-arch-vznikne-interaktivni-staveniste-umoznujici-vyzkouset-si-portfolio-stavebnich-remesel\/","title":{"rendered":"Na veletrhu FOR ARCH vznikne interaktivn\u00ed staveni\u0161t\u011b umo\u017e\u0148uj\u00edc\u00ed vyzkou\u0161et si portfolio stavebn\u00edch \u0159emesel"},"content":{"rendered":"\n<p class=\"wp-block-paragraph\"><strong>Vyzk\u00adou\u0161et si staveb\u00adn\u00ed \u0159emes\u00adla na vlast\u00adn\u00ed k\u016f\u017ei nab\u00eddne unik\u00e1t\u00adn\u00ed inter\u00adak\u00adtivn\u00ed staveni\u0161t\u011b na mez\u00adin\u00e1rod\u00adn\u00edm staveb\u00adn\u00edm veletrhu FOR ARCH naz\u00advan\u00e9 Future Builders. Poprv\u00e9 v&nbsp;his\u00adtorii akce budou m\u00edt n\u00e1v\u0161t\u011bvn\u00ed\u00adci mo\u017enost osa\u00adhat si vybran\u00e1 \u0159emes\u00adla a&nbsp;sezn\u00e1mit se s&nbsp;nejnov\u011bj\u0161\u00ed\u00admi tech\u00adnolo\u00adgie\u00admi v&nbsp;oboru. To v\u0161e lze za\u017e\u00edt pod dohle\u00addem odborn\u00edk\u016f ve dnech 16. a\u017e 19. z\u00e1\u0159\u00ed v&nbsp;PVA EXPO PRAHA. Part\u00adnerem pro ener\u00adgetiku v\u00fds\u00adtavi\u0161t\u011b PVA EXPO PRAHA je spole\u010dnost PKV Build, s.r.o.<\/strong><\/p>\n\n\n\n<p class=\"wp-block-paragraph\">Ces\u00adta k&nbsp;\u00fasp\u011b\u0161n\u00e9 real\u00adizaci stav\u00adby nebo ren\u00ado\u00advace domu nen\u00ed snad\u00adn\u00e1. Vy\u017eadu\u00adje spolupr\u00e1\u00adci \u0159emesln\u00edk\u016f, p\u0159es\u00adn\u00e9 pl\u00e1nov\u00e1n\u00ed i&nbsp;rychlou a&nbsp;pre\u00adcizn\u00ed pr\u00e1\u00adci lid\u00adsk\u00fdch ruk\u00adou v&nbsp;kom\u00adbi\u00adnaci s&nbsp;mod\u00adern\u00ed\u00admi tech\u00adnolo\u00adgie\u00admi. <em>\u201eMez\u00adin\u00e1rod\u00adn\u00ed staveb\u00adn\u00ed veletrh FOR ARCH p\u0159i\u00adnese ji\u017e v&nbsp;z\u00e1\u0159\u00ed his\u00adtoricky prvn\u00ed p\u0159\u00edle\u017ei\u00adtost sv\u00e9ho druhu, kter\u00adou bude inter\u00adak\u00adtivn\u00ed staveni\u0161t\u011b Future Builders v&nbsp;Hale 8. Pr\u00e1v\u011b zde si budou moci z\u00e1jem\u00adci pod odborn\u00fdm dohle\u00addem vyzk\u00adou\u0161et vybran\u00e1 staveb\u00adn\u00ed \u0159emes\u00adla, spolupr\u00e1\u00adci s&nbsp;ostat\u00adn\u00ed\u00admi i&nbsp;poz\u00adnat mod\u00adern\u00ed tech\u00adnolo\u00adgie. Staveni\u0161t\u011b d\u00e1 p\u0159\u00edle\u017ei\u00adtost mlad\u00fdm lidem nahl\u00e9d\u00adnout na per\u00adspek\u00adtivu staveb\u00adn\u00edch obor\u016f, poz\u00adnat kar\u00adi\u00e9rn\u00ed ces\u00adty, kter\u00e9 nab\u00edz\u00ed, a&nbsp;osa\u00adhat si re\u00e1l\u00adn\u00e9 \u0159emes\u00adlo,\u201c<\/em> \u0159ekl hlavn\u00ed man\u00ada\u017eer veletrhu Mar\u00adtin Pavlata.<\/p>\n\n\n\n<p class=\"wp-block-paragraph\">Odborn\u00fd pro\u00adgram zaji\u0161\u0165u\u00adj\u00ed <strong>Svaz pod\u00adnikatel\u016f ve staveb\u00adnictv\u00ed<\/strong> a&nbsp;<strong>Nada\u010dn\u00ed fond \u0158emes\u00adlo pom\u00e1h\u00e1<\/strong>.<\/p>\n\n\n\n<p class=\"wp-block-paragraph\">Expoz\u00adice nab\u00eddne k&nbsp;vyzk\u00adou\u0161en\u00ed \u0159emes\u00adlo zed\u00adnick\u00e9, elek\u00adtrik\u00e1\u0159sk\u00e9, insta\u00adlat\u00e9rsk\u00e9 a&nbsp;topen\u00e1\u0159sk\u00e9, tesa\u0159sk\u00e9 a&nbsp;truh\u00adl\u00e1\u0159sk\u00e9, obklada\u010dsk\u00e9 a&nbsp;pod\u00adlah\u00e1\u0159sk\u00e9 \u010di mal\u00ed\u0159sk\u00e9 a&nbsp;dal\u0161\u00ed. Z\u00e1jem\u00adci se sezn\u00e1m\u00ed i&nbsp;s&nbsp;prace\u00admi architek\u00adt\u016f a&nbsp;pro\u00adjek\u00adtan\u00adt\u016f, tech\u00adnik\u016f a&nbsp;stavbyve\u00addouc\u00edch, ekonom\u016f a&nbsp;man\u00ada\u017eer\u016f \u2013 lid\u00ed, kte\u0159\u00ed sto\u00adj\u00ed za pl\u00e1nov\u00e1n\u00edm a&nbsp;koor\u00addi\u00adnac\u00ed staveb\u00adn\u00edch prac\u00ed tak, aby v\u0161e prob\u011bh\u00adlo bez chy\u00adbi\u010dky a&nbsp;ve stanoven\u00e9m \u010dase. Smyslem je uk\u00e1zat staveb\u00adnictv\u00ed coby dokonale fun\u00adgu\u00adj\u00edc\u00ed ekosys\u00adt\u00e9m spo\u00adju\u00adj\u00edc\u00ed r\u016fzn\u00e9 druhy pro\u00adfes\u00ed. To v\u0161e na plo\u0161e p\u0159e\u00adsahu\u00adj\u00edc\u00ed 1200 \u010dtvere\u010dn\u00edch metr\u016f.<\/p>\n\n\n\n<p class=\"wp-block-paragraph\"><strong>Pohled do budouc\u00adnos\u00adti&nbsp;oboru<\/strong><\/p>\n\n\n\n<p class=\"wp-block-paragraph\">Future Builders je tak\u00e9 mimo\u0159\u00e1d\u00adnou p\u0159\u00edle\u017ei\u00adtost\u00ed pro \u017e\u00e1ky 8. a&nbsp;9. t\u0159\u00edd z\u00e1k\u00adlad\u00adn\u00edch \u0161kol, kte\u0159\u00ed se mohou zapo\u00adjit do \u00fanikov\u00e9 hry pod veden\u00edm mis\u00adtr\u016f, kdy si vyzk\u00adou\u0161e\u00adj\u00ed pr\u00e1\u00adci s&nbsp;mater\u00adi\u00e1\u00adly a&nbsp;n\u00e1stro\u00adji, \u0159e\u0161en\u00ed prob\u00adl\u00e9m\u016f \u010di prak\u00adtick\u00e9 doved\u00adnos\u00adti na stanovi\u0161t\u00edch jed\u00adnotliv\u00fdch \u0159eme\u00adsel. S&nbsp;pomoc\u00ed zku\u0161en\u00fdch pro\u00adfe\u00adsion\u00e1l\u016f budou plnit prak\u00adtick\u00e9 \u00fakoly na jed\u00adnotliv\u00fdch \u0159emesln\u00fdch stanovi\u0161t\u00edch, \u00fakoly vy\u017eadu\u00adj\u00edc\u00ed \u0159e\u0161en\u00ed prob\u00adl\u00e9m\u016f i&nbsp;t\u00fdmovou spolupr\u00e1\u00adci mezi jed\u00adnotliv\u00fd\u00admi pro\u00adfe\u00adse\u00admi. V&nbsp;neposled\u00adn\u00ed \u0159ad\u011b si osa\u00adha\u00adj\u00ed pr\u00e1\u00adci s&nbsp;re\u00e1l\u00adn\u00fd\u00admi mater\u00adi\u00e1\u00adly a&nbsp;n\u00e1stroji.<\/p>\n\n\n\n<p class=\"wp-block-paragraph\">B\u011bhem \u010dty\u0159 dn\u016f p\u0159iprav\u00ed expoz\u00adice mno\u00adho zaj\u00ed\u00admav\u00e9ho pro\u00adgra\u00admu i&nbsp;pro ped\u00ada\u00adgogy, kar\u00adi\u00e9rn\u00ed porad\u00adce, rodi\u010de s&nbsp;d\u011bt\u00admi, pro mlad\u00e9 lidi hleda\u00adj\u00edc\u00ed inspiraci pro studi\u00adum \u010di povol\u00e1n\u00ed, pro z\u00e1jem\u00adce o&nbsp;rek\u00adval\u00adi\u00adfikaci, odbornou i&nbsp;\u0161irok\u00adou ve\u0159e\u00adjnost a&nbsp;v\u0161ech\u00adny, kter\u00e9 zaj\u00edm\u00e1 budouc\u00adnost stavebnictv\u00ed.<\/p>\n\n\n\n<p class=\"wp-block-paragraph\">\u201e<em>Poprv\u00e9 v&nbsp;r\u00e1m\u00adci staveb\u00adn\u00edho veletrhu d\u00e1v\u00e1me na jed\u00adnom m\u00edst\u011b dohro\u00admady r\u016fzn\u00e9 pro\u00adfese tak, jak spolu skute\u010dn\u011b fun\u00adgu\u00adj\u00ed p\u0159i vzniku stav\u00adby. \u017d\u00e1ci tak neu\u00advid\u00ed jen jed\u00adnotliv\u00e1 \u0159emes\u00adla, ale pochop\u00ed jejich vz\u00e1\u00adjem\u00adnou n\u00e1vaznost, t\u00fdmovou spolupr\u00e1\u00adci a&nbsp;\u0161\u00ed\u0159i cel\u00e9ho oboru. Staveb\u00adnictv\u00ed toti\u017e nej\u00adsou jen \u0159emesln\u00ed\u00adci a&nbsp;tech\u00adni\u00adci \u2013 sv\u00e9 m\u00eds\u00adto v&nbsp;n\u011bm maj\u00ed tak\u00e9 pro\u00adjek\u00adtan\u00adti, man\u00ada\u017ee\u0159i, per\u00adson\u00adal\u00adist\u00e9, ekonomov\u00e9, mar\u00adket\u00e9\u0159i nebo spe\u00adcial\u00adist\u00e9 na nov\u00e9 tech\u00adnolo\u00adgie. Na\u0161\u00edm c\u00edlem je nejen nad\u00adch\u00adnout mlad\u00e9 lidi pro staveb\u00adn\u00ed obo\u00adry, ale tak\u00e9 d\u00e1t ped\u00ada\u00adgog\u016fm a&nbsp;kar\u00adi\u00e9rn\u00edm porad\u00adc\u016fm co nejkonkr\u00e9t\u00adn\u011bj\u0161\u00ed p\u0159ehled o&nbsp;pro\u00adfes\u00edch a&nbsp;kar\u00adi\u00e9rn\u00edch mo\u017enos\u00adtech, kter\u00e9 mohou \u017e\u00e1k\u016fm p\u0159ed\u00adstavo\u00advat,\u201c<\/em> \u0159ekla \u0159editel\u00adka Nada\u010dn\u00edho fon\u00addu \u0158emes\u00adlo pom\u00e1h\u00e1 Petra Bene\u0161ov\u00e1.<\/p>\n\n\n\n<p class=\"wp-block-paragraph\">V\u00fdz\u00adnam\u00adn\u00fdm pro\u00adgramov\u00fdm bodem bude tak\u00e9 p\u0159ed\u00adstaven\u00ed mod\u00adern\u00edch tech\u00adnologi\u00ed, kter\u00e9 pom\u00e1ha\u00adj\u00ed ule\u00advit n\u00e1ro\u010dn\u00e9 fyz\u00adick\u00e9 pr\u00e1\u00adci jed\u00adnotliv\u00fdch staveb\u00adn\u00edch obor\u016f. K&nbsp;vid\u011bn\u00ed budou nap\u0159\u00edk\u00adlad zdic\u00ed robo\u00adty, 3D tisk\u00e1rny, vir\u00adtu\u00e1l\u00adn\u00ed reali\u00adta, um\u011bl\u00e1 inteligence a&nbsp;dal\u0161\u00ed dig\u00adit\u00e1l\u00adn\u00ed n\u00e1stro\u00adje pro pl\u00e1nov\u00e1n\u00ed a&nbsp;real\u00adizaci staveb. Na sta\u00adgi se p\u0159ed\u00adstav\u00ed \u0161pi\u010dkov\u00ed odborn\u00ed\u00adci, mlad\u00ed absol\u00adven\u00adti odborn\u00fdch \u0161kol, staveb\u00adn\u00ed influ\u00adence\u0159i, kar\u00adi\u00e9rn\u00ed porad\u00adci a&nbsp;dal\u0161\u00ed osob\u00adnos\u00adti. V\u00edk\u00adendov\u00fd pro\u00adgram bude ses\u00adtaven pro rodiny s&nbsp;d\u011bt\u00admi i&nbsp;pro d\u011bti z&nbsp;d\u011bt\u00adsk\u00fdch domov\u016f.<\/p>\n\n\n\n<p class=\"wp-block-paragraph\"><em>\u201e\u010cesk\u00e9 staveb\u00adnictv\u00ed dlouhodob\u011b \u010del\u00ed nedostatku kval\u00adi\u00adfiko\u00advan\u00fdch pra\u00adcov\u00adn\u00edk\u016f. Pode\u00adpisu\u00adje se na tom demografick\u00fd v\u00fdvoj i&nbsp;kle\u00adsaj\u00edc\u00ed z\u00e1jem o&nbsp;studi\u00adum tech\u00adnick\u00ad\u00fdch a&nbsp;\u0159emesln\u00fdch obor\u016f. Pr\u00e1v\u011b pro\u00adto rozv\u00edj\u00edme dlouhodobou ini\u00adcia\u00adtivu Future Builders, jej\u00edm\u017e c\u00edlem je uka\u00adzo\u00advat mlad\u00fdm lidem staveb\u00adnictv\u00ed v&nbsp;co nejkonkr\u00e9t\u00adn\u011bj\u0161\u00ed podob\u011b \u2013 co jed\u00adnotliv\u00e9 pro\u00adfese obn\u00e1\u0161e\u00adj\u00ed a&nbsp;jak\u00e9 jsou kar\u00adi\u00e9rn\u00ed ces\u00adty. Pro\u00adgram na veletrhu FOR ARCH je jed\u00adnou z&nbsp;aktiv\u00adit t\u00e9to ini\u00adcia\u00adtivy a&nbsp;z\u00e1rove\u0148 p\u0159\u00edle\u017ei\u00adtost\u00ed uk\u00e1zat na jed\u00adnom m\u00edst\u011b, jak v\u00fdrazn\u011b se staveb\u00adnictv\u00ed v&nbsp;posled\u00adn\u00edch letech tech\u00adno\u00adlog\u00adicky posunulo,\u201c<\/em> \u0159ekl prezi\u00addent Svazu pod\u00adnikatel\u016f ve staveb\u00adnictv\u00ed Ji\u0159\u00ed&nbsp;Nouza.<\/p>\n\n\n\n<p class=\"wp-block-paragraph\">Na real\u00adizaci inter\u00adak\u00adtivn\u00edho staveni\u0161t\u011b spolupracu\u00adj\u00ed tak\u00e9 part\u00adne\u0159i\u00adAkademie \u0159eme\u00adsel, Hospod\u00e1\u0159sk\u00e1 komo\u00adra \u010cR, Min\u00adis\u00adter\u00adst\u00advo pr\u016fmys\u00adlu a&nbsp;obchodu, \u010cVUT UCEEB a&nbsp;dal\u0161\u00ed odborn\u00ed part\u00adne\u0159i v\u010det\u00adn\u011b 12 staveb\u00adn\u00edch&nbsp;cech\u016f.<\/p>\n\n\n\n<p class=\"wp-block-paragraph\"><strong>V\u0161e na jed\u00adnom&nbsp;m\u00edst\u011b<\/strong><\/p>\n\n\n\n<p class=\"wp-block-paragraph\">Leto\u0161n\u00ed ro\u010dn\u00edk veletrhu FOR ARCH p\u0159i\u00adnese i&nbsp;mno\u00adho dal\u0161\u00edch zaj\u00ed\u00admavost\u00ed. Na expoz\u00adic\u00edch propo\u00adj\u00ed odv\u011btv\u00ed architek\u00adtu\u00adry, staveb\u00adnictv\u00ed, tech\u00adnick\u00ad\u00fdch za\u0159\u00edzen\u00ed budov a&nbsp;nov\u00fdch tech\u00adnologi\u00ed s&nbsp;d\u016frazem na ener\u00adget\u00adicky efek\u00adtivn\u00ed, inteligent\u00adn\u00ed a&nbsp;dlouhodob\u011b udr\u017eitel\u00adn\u00e9 stav\u00adby a&nbsp;pro\u00adjek\u00adty. Celkem se v&nbsp;Let\u0148anech ve dnech 16. a\u017e 19. z\u00e1\u0159\u00ed p\u0159ed\u00adstav\u00ed novinky a&nbsp;trendy osmi tem\u00adat\u00adick\u00ad\u00fdch odborn\u00fdch plat\u00adforem a&nbsp;chy\u00adb\u011bt neb\u00adude ani bohat\u00fd doprovod\u00adn\u00fd program.<\/p>\n\n\n\n<p class=\"wp-block-paragraph\">Ve st\u0159e\u00addu 16. z\u00e1\u0159\u00ed nav\u00edc prob\u011bhne presti\u017en\u00ed kon\u00adfer\u00adence <strong>F\u00f3rum staveb\u00adnictv\u00ed<\/strong> po\u0159\u00e1\u00addan\u00e1 spole\u010dnos\u00adt\u00ed ABF ve spolupr\u00e1\u00adci s&nbsp;odborn\u00fdm part\u00adnerem Svazem pod\u00adnikatel\u016f ve stavebnictv\u00ed.<\/p>\n\n\n\n<p class=\"wp-block-paragraph\"><strong>V\u00edce na<\/strong> <a href=\"http:\/\/www.forarch.cz\"><strong>www.forarch.cz<\/strong><\/a><strong>.<\/strong><\/p>\n\n\n\n<p class=\"wp-block-paragraph\"><\/p>\n","protected":false},"excerpt":{"rendered":"<p>Vyzk\u00adou\u0161et si staveb\u00adn\u00ed \u0159emes\u00adla na vlast\u00adn\u00ed k\u016f\u017ei nab\u00eddne unik\u00e1t\u00adn\u00ed inter\u00adak\u00adtivn\u00ed staveni\u0161t\u011b na mez\u00adin\u00e1rod\u00adn\u00edm staveb\u00adn\u00edm veletrhu FOR ARCH naz\u00advan\u00e9 Future Builders. Poprv\u00e9 v&nbsp;his\u00adtorii akce budou m\u00edt n\u00e1v\u0161t\u011bvn\u00ed\u00adci mo\u017enost osa\u00adhat si vybran\u00e1 \u0159emes\u00adla a&nbsp;sezn\u00e1mit se s&nbsp;nejnov\u011bj\u0161\u00ed\u00admi tech\u00adnolo\u00adgie\u00admi v&nbsp;oboru. To v\u0161e lze za\u017e\u00edt pod dohle\u00addem odborn\u00edk\u016f ve dnech 16. a\u017e 19. z\u00e1\u0159\u00ed v&nbsp;PVA EXPO PRAHA. Part\u00adnerem pro energetiku&nbsp;[\u2026]<\/p>\n","protected":false},"author":7,"featured_media":3109,"comment_status":"closed","ping_status":"","sticky":false,"template":"","format":"standard","meta":{"wp_typography_post_enhancements_disabled":false,"site-sidebar-layout":"default","site-content-layout":"","ast-site-content-layout":"default","site-content-style":"default","site-sidebar-style":"default","ast-global-header-display":"","ast-banner-title-visibility":"","ast-main-header-display":"","ast-hfb-above-header-display":"","ast-hfb-below-header-display":"","ast-hfb-mobile-header-display":"","site-post-title":"","ast-breadcrumbs-content":"","ast-featured-img":"","footer-sml-layout":"","ast-disable-related-posts":"","theme-transparent-header-meta":"","adv-header-id-meta":"","stick-header-meta":"","header-above-stick-meta":"","header-main-stick-meta":"","header-below-stick-meta":"","astra-migrate-meta-layouts":"default","ast-page-background-enabled":"default","ast-page-background-meta":{"desktop":{"background-color":"var(--ast-global-color-4)","background-image":"","background-repeat":"repeat","background-position":"center center","background-size":"auto","background-attachment":"scroll","background-type":"","background-media":"","overlay-type":"","overlay-color":"","overlay-opacity":"","overlay-gradient":""},"tablet":{"background-color":"","background-image":"","background-repeat":"repeat","background-position":"center center","background-size":"auto","background-attachment":"scroll","background-type":"","background-media":"","overlay-type":"","overlay-color":"","overlay-opacity":"","overlay-gradient":""},"mobile":{"background-color":"","background-image":"","background-repeat":"repeat","background-position":"center center","background-size":"auto","background-attachment":"scroll","background-type":"","background-media":"","overlay-type":"","overlay-color":"","overlay-opacity":"","overlay-gradient":""}},"ast-content-background-meta":{"desktop":{"background-color":"var(--ast-global-color-5)","background-image":"","background-repeat":"repeat","background-position":"center center","background-size":"auto","background-attachment":"scroll","background-type":"","background-media":"","overlay-type":"","overlay-color":"","overlay-opacity":"","overlay-gradient":""},"tablet":{"background-color":"var(--ast-global-color-5)","background-image":"","background-repeat":"repeat","background-position":"center center","background-size":"auto","background-attachment":"scroll","background-type":"","background-media":"","overlay-type":"","overlay-color":"","overlay-opacity":"","overlay-gradient":""},"mobile":{"background-color":"var(--ast-global-color-5)","background-image":"","background-repeat":"repeat","background-position":"center center","background-size":"auto","background-attachment":"scroll","background-type":"","background-media":"","overlay-type":"","overlay-color":"","overlay-opacity":"","overlay-gradient":""}},"footnotes":""},"categories":[1],"tags":[],"class_list":["post-3107","post","type-post","status-publish","format-standard","has-post-thumbnail","hentry","category-uncategorized"],"_links":{"self":[{"href":"https:\/\/ekowatt.cz\/index.php\/wp-json\/wp\/v2\/posts\/3107","targetHints":{"allow":["GET"]}}],"collection":[{"href":"https:\/\/ekowatt.cz\/index.php\/wp-json\/wp\/v2\/posts"}],"about":[{"href":"https:\/\/ekowatt.cz\/index.php\/wp-json\/wp\/v2\/types\/post"}],"author":[{"embeddable":true,"href":"https:\/\/ekowatt.cz\/index.php\/wp-json\/wp\/v2\/users\/7"}],"replies":[{"embeddable":true,"href":"https:\/\/ekowatt.cz\/index.php\/wp-json\/wp\/v2\/comments?post=3107"}],"version-history":[{"count":1,"href":"https:\/\/ekowatt.cz\/index.php\/wp-json\/wp\/v2\/posts\/3107\/revisions"}],"predecessor-version":[{"id":3108,"href":"https:\/\/ekowatt.cz\/index.php\/wp-json\/wp\/v2\/posts\/3107\/revisions\/3108"}],"wp:featuredmedia":[{"embeddable":true,"href":"https:\/\/ekowatt.cz\/index.php\/wp-json\/wp\/v2\/media\/3109"}],"wp:attachment":[{"href":"https:\/\/ekowatt.cz\/index.php\/wp-json\/wp\/v2\/media?parent=3107"}],"wp:term":[{"taxonomy":"category","embeddable":true,"href":"https:\/\/ekowatt.cz\/index.php\/wp-json\/wp\/v2\/categories?post=3107"},{"taxonomy":"post_tag","embeddable":true,"href":"https:\/\/ekowatt.cz\/index.php\/wp-json\/wp\/v2\/tags?post=3107"}],"curies":[{"name":"wp","href":"https:\/\/api.w.org\/{rel}","templated":true}]}}